{"id":1615,"date":"2026-03-30T11:32:37","date_gmt":"2026-03-30T09:32:37","guid":{"rendered":"https:\/\/lara-kita.de\/?p=1615"},"modified":"2026-03-30T12:29:11","modified_gmt":"2026-03-30T10:29:11","slug":"kita-leitung-oder-stellv-kita-leitung-m-w-d","status":"publish","type":"post","link":"https:\/\/lara-kita.de\/en\/kita-leitung-oder-stellv-kita-leitung-m-w-d\/","title":{"rendered":"(Deutsch) Kita-Leitung (m\/w\/d)"},"content":{"rendered":"<p class=\"qtranxs-available-languages-message qtranxs-available-languages-message-en\">Sorry, this entry is only available in <a href=\"https:\/\/lara-kita.de\/de\/wp-json\/wp\/v2\/posts\/1615\" class=\"qtranxs-available-language-link qtranxs-available-language-link-de\" title=\"Deutsch\">Deutsch<\/a>.<\/p><p>Wir suchen ab sofort eine motivierte und erfahrene Kita-Leitung (35 \u2013 40 Wochenstunden) als Vervollst\u00e4ndigung unseres Kitateams.<\/p>\n<p>Wir sind ein anerkannter freier Tr\u00e4ger der Jugendhilfe, zu welchem auch drei Kinderg\u00e4rten geh\u00f6ren. In den lara.KITAs werden je nach Einrichtung zwischen 54 und 85 Kinder in altershomogenen und altersgemischten Gruppen betreut. Wir betrachten jedes Kind als eigene Pers\u00f6nlichkeit und st\u00e4rken es in seiner individuellen Entwicklung. Unser Team bietet den Kindern eine verl\u00e4ssliche liebevolle Begleitung.<\/p>\n<p><strong>Ihre Aufgaben:<\/strong><\/p>\n<ul>\n<li>Zusammenarbeit mit dem Tr\u00e4ger, bzw. der Gesch\u00e4ftsfu\u0308hrung<\/li>\n<li>Gesamtverantwortung fu\u0308r den hauswirtschaftlichen und Ku\u0308chen Bereich<\/li>\n<li>Fachliche und organisatorische Leitung der Einrichtung<\/li>\n<li>Sicherstellung der p\u00e4dagogischen Qualit\u00e4t und Weiterentwicklung des p\u00e4dagogischen Konzepts<\/li>\n<li>Fu\u0308hrung und Entwicklung des Teams, inklusive Personalplanung und -entwicklung<\/li>\n<li>Zusammenarbeit mit Eltern, Fachstellen und Beh\u00f6rden<\/li>\n<li>Budgetverantwortung und Verwaltung der finanziellen Mittel<\/li>\n<li>Organisation von Veranstaltungen und Projekten<\/li>\n<li>Repr\u00e4sentation der Kita nach au\u00dfen und Pflege der \u00d6ffentlichkeitsarbeit<\/li>\n<\/li>\n<\/ul>\n<p><strong>Sie bieten:<\/strong><\/p>\n<ul>\n<li>ein abgeschlossenes Studium der Sozialp\u00e4dagogik oder eine Vergleichbare p\u00e4dagogische Ausbildung inkl. Weiterbildung im Kita-Management oder \u00e4hnlichem Bereich.<\/li>\n<li>Erfahrung als Kita-Leitung oder stellvertretende Kita-Leitung<\/li>\n<li>Sicherer Umgang mit MS Office (insbesondere Excel, Word, Outlook) und Sie sind gut vertraut oder offen fu\u0308r weitere digitale Anwendungsprogramme<\/li>\n<li>Sprachkenntnisse auf muttersprachlichem Niveau in Deutsch und gute Sprachkenntnisse in Englisch (Wort und Schrift)<\/li>\n<li>Fundierte Kenntnisse der fru\u0308hkindlichen Bildung, einschlie\u00dflich neuerer p\u00e4dagogischer Str\u00f6mungen<\/li>\n<li>Kenntnisse u\u0308ber die spezifischen Anforderungen und Regularien von Kitas in Berlin (z.B. Spracherhebung, Senat, Kitaaufsicht, ISBJ)<\/li>\n<li>Teamorientierte, kommunikationsstarke und empathische Pers\u00f6nlichkeit<\/li>\n<\/ul>\n<p>Dann sind Sie bei uns genau richtig!<\/p>\n<p><strong>Wir bieten:<\/strong><\/p>\n<ul>\n<li>Eine lebendige und kulturell vielf\u00e4ltige Wertegemeinschaft mit Menschen aus allen Teilen der Welt (Deutsch\/Englisch).<\/li>\n<li>Eine angenehme und freundliche Arbeitsatmosph\u00e4re ist uns ein Herzensanliegen.<\/li>\n<li>Teamarbeit wird bei uns gro\u00dfgeschrieben!<\/li>\n<li>Wir pflegen generell flache Hierarchien.<\/li>\n<li>Sie k\u00f6nnen Ihre eigenen Ideen und pers\u00f6nlichen Interessen in einem abwechslungsreichen und vielseitigen Arbeitsleben einbringen.<\/li>\n<li>Wir haben ein offenes Ohr fu\u0308r Ihr konstruktives Feedback im Arbeitsalltag und sch\u00e4tzen Ihre Lebens- und Berufserfahrungen fu\u0308r unsere gemeinsame Arbeit.<\/li>\n<li>Ein eigener Arbeitslaptop, verl\u00e4sslicher IT-Support sowie ein gut ausgestatteter Bereich fu\u0308r unsere Mitarbeiter*innen schaffen optimale Arbeitsbedingungen.<\/li>\n<li>Arbeitszeit ist Lebenszeit! Wir sind darum bemu\u0308ht, Ihre pers\u00f6nliche Work-Life-Balance zu beru\u0308cksichtigen.<\/li>\n<li>Und auch, wenn mal Fehler passieren, k\u00f6nnen Sie sich bei uns immer sicher fu\u0308hlen, denn wir pflegen eine offene Fehlerkultur mit einem respektvollen Umgang untereinander.<\/li>\n<li>Wir arbeiten einfach gerne zusammen!<\/li>\n<\/ul>\n<p>Haben wir Ihr Interesse geweckt, dann freuen wir uns auf Ihre Bewerbung (inkl. Lebenslauf und Gehaltsvorstellung).<\/p>\n<ul>\n<li>Ihre Ansprechpartnerin ist Cathleen Sprengel. <a href=\"mailto:job@lara.berlin\">job@lara.berlin <\/a><\/li>\n<\/ul>\n<p><\/p>","protected":false},"excerpt":{"rendered":"<p>Sorry, this entry is only available in Deutsch.Wir suchen ab sofort eine motivierte und erfahrene Kita-Leitung (35 \u2013 40 Wochenstunden) als Vervollst\u00e4ndigung unseres Kitateams. Wir sind ein anerkannter freier Tr\u00e4ger der Jugendhilfe, zu welchem auch drei Kinderg\u00e4rten geh\u00f6ren. In den lara.KITAs werden je nach Einrichtung zwischen 54 und 85 Kinder in altershomogenen und altersgemischten Gruppen <a href=\"http:\/\/[&hellip;]\" class=\"more-link\" data-post-id=\"1615\">read more<span class=\"screen-reader-text\"> &#8220;(Deutsch) Kita-Leitung (m\/w\/d)&#8221;<\/span><\/a><\/p>\n","protected":false},"author":5,"featured_media":0,"comment_status":"closed","ping_status":"closed","sticky":false,"template":"","format":"standard","meta":{"_acf_changed":false,"footnotes":""},"categories":[4],"tags":[],"class_list":["post-1615","post","type-post","status-publish","format-standard","hentry","category-wanted"],"acf":[],"_links":{"self":[{"href":"https:\/\/lara-kita.de\/en\/wp-json\/wp\/v2\/posts\/1615","targetHints":{"allow":["GET"]}}],"collection":[{"href":"https:\/\/lara-kita.de\/en\/wp-json\/wp\/v2\/posts"}],"about":[{"href":"https:\/\/lara-kita.de\/en\/wp-json\/wp\/v2\/types\/post"}],"author":[{"embeddable":true,"href":"https:\/\/lara-kita.de\/en\/wp-json\/wp\/v2\/users\/5"}],"replies":[{"embeddable":true,"href":"https:\/\/lara-kita.de\/en\/wp-json\/wp\/v2\/comments?post=1615"}],"version-history":[{"count":15,"href":"https:\/\/lara-kita.de\/en\/wp-json\/wp\/v2\/posts\/1615\/revisions"}],"predecessor-version":[{"id":1632,"href":"https:\/\/lara-kita.de\/en\/wp-json\/wp\/v2\/posts\/1615\/revisions\/1632"}],"wp:attachment":[{"href":"https:\/\/lara-kita.de\/en\/wp-json\/wp\/v2\/media?parent=1615"}],"wp:term":[{"taxonomy":"category","embeddable":true,"href":"https:\/\/lara-kita.de\/en\/wp-json\/wp\/v2\/categories?post=1615"},{"taxonomy":"post_tag","embeddable":true,"href":"https:\/\/lara-kita.de\/en\/wp-json\/wp\/v2\/tags?post=1615"}],"curies":[{"name":"wp","href":"https:\/\/api.w.org\/{rel}","templated":true}]}}